{"id":105,"date":"2023-10-19T14:47:23","date_gmt":"2023-10-19T12:47:23","guid":{"rendered":"http:\/\/bmk.pikpodlaskie.pl\/edycje\/2023\/?p=105"},"modified":"2023-10-19T14:47:23","modified_gmt":"2023-10-19T12:47:23","slug":"razem-wybudzamy-kulture","status":"publish","type":"post","link":"http:\/\/bmk.pikpodlaskie.pl\/edycje\/2023\/razem-wybudzamy-kulture\/","title":{"rendered":"Razem WYbudzamy kultur\u0119!"},"content":{"rendered":"<p>PIK podsumowa\u0142 program Bardzo M\u0142oda Kultura, woj. podlaskie.<!--more--><\/p>\n<figure id=\"attachment_19486\" aria-describedby=\"caption-attachment-19486\" style=\"width: 720px\" class=\"wp-caption alignnone\"><a href=\"https:\/\/photos.app.goo.gl\/b45zhwS3ujQvqU2bA\" target=\"_blank\" rel=\"noopener\"><img loading=\"lazy\" decoding=\"async\" class=\"wp-image-19486 size-medium\" src=\"https:\/\/pikpodlaskie.pl\/wp-content\/uploads\/2023\/10\/konferencja-podsumowanie-bmk-galeria-720x561.jpg\" alt=\"\" width=\"720\" height=\"561\" \/><\/a><figcaption id=\"caption-attachment-19486\" class=\"wp-caption-text\">fot. M. Adamski \/ PIK w Bia\u0142ymstoku<\/figcaption><\/figure>\n<p>&nbsp;<\/p>\n<p>Podczas konferencji podsumowuj\u0105cej tegoroczn\u0105 edycj\u0119 Bardzo M\u0142odej Kultury, podobnie jak w ca\u0142ym programie, w centrum uwagi by\u0142a m\u0142odzie\u017c. Chodzi\u0142o o to by m\u0142odych ludzi nauczy\u0107 nie tylko korzysta\u0107 z oferty kulturalnej, ale tak\u017ce t\u0119 ofert\u0119 tworzy\u0107.<\/p>\n<p><em>Witam wszystkich i bardzo dzi\u0119kuj\u0119 za udzia\u0142 nie tylko na tej konferencji, ale w ca\u0142ym programie. W szczeg\u00f3lny spos\u00f3b dzi\u0119kuj\u0119 m\u0142odzie\u017cy, kt\u00f3ra we wszystkich dzia\u0142aniach by\u0142a najwa\u017cniejsza<\/em> \u2013 m\u00f3wi\u0142a otwieraj\u0105c konferencj\u0119 Wiktoria Wnorowska, dyrektor Podlaskiego Instytutu Kultury \u2013 <em>dzi\u0119ki Bardzo M\u0142odej Kulturze uda\u0142o si\u0119 zrobi\u0107 du\u017co dobrego i ju\u017c dzi\u015b zapraszam do udzia\u0142u w kolejnych edycjach. <\/em><\/p>\n<p>Bardzo M\u0142oda Kultura to program realizowany wsp\u00f3lnie z Narodowym Centrum Kultury, kt\u00f3re wspar\u0142o dzia\u0142ania kwot\u0105 blisko 200 tysi\u0119cy z\u0142otych. 120 tysi\u0119cy przeznaczy\u0142 na program Marsza\u0142ek Wojew\u00f3dztwa Podlaskiego. Za te pieni\u0105dze uda\u0142o si\u0119 przeszkoli\u0107 blisko dwustu animator\u00f3w i edukator\u00f3w kultury, kt\u00f3rzy na co dzie\u0144 pracuj\u0105 z m\u0142odymi lud\u017ami. By\u0142y te\u017c wizyty studyjne, poznawanie dobrych praktyk i wreszcie konkurs na lokalne projekty, kt\u00f3re od pocz\u0105tku do ko\u0144ca realizowa\u0142a m\u0142odzie\u017c. To m\u0142odzi ludzie decydowali o tym czy chc\u0105 stworzy\u0107 miejsce spotka\u0144 dla siebie, przygotowa\u0107 koncert, spektakl, wzi\u0105\u0107 udzia\u0142 w warsztatach, czy te\u017c mo\u017ce zrobi\u0107 muzyczne widowisko albo mural. W projektach lokalnych uczestniczy\u0142o ponad dwustu pi\u0119\u0107dziesi\u0119ciu m\u0142odych ludzi.<\/p>\n<p>Takich lokalnych inicjatyw uda\u0142o si\u0119 zrealizowa\u0107 dwana\u015bcie. Ka\u017cde otrzyma\u0142o dofinansowanie w wysoko\u015bci od o\u015bmiu do dwunastu tysi\u0119cy z\u0142otych. Koordynatorom przedsi\u0119wzi\u0119\u0107 dzi\u0119kowa\u0142a podczas konferencji dyrektor PIK Wiktoria Wnorowska oraz wicedyrektor PIK Agnieszka Jab\u0142o\u0144ska. Inicjatywy i zapa\u0142u gratulowa\u0142 im tak\u017ce koordynator Bardzo M\u0142odej Kultury w wojew\u00f3dztwie podlaskim Krzysztof Jodczyk z PIK.<\/p>\n<p><em>Widz\u0119, ze serce Bardzo M\u0142odej Kultury bije w Podlaskiem mocno, wyra\u017anie i jest silne. Oby tak bi\u0142o dalej<\/em> \u2013 m\u00f3wi\u0142a Monika Kowalczyk-Kogut z Narodowego Centrum Kultury.<\/p>\n<p>Konferencja podsumowuj\u0105ca Bardzo M\u0142od\u0105 Kultur\u0119 by\u0142a te\u017c okazj\u0105 do zaprezentowania raportu przygotowanego przez Fundacje SocLab pt. \u201eStan edukacji kulturowej m\u0142odzie\u017cy w woj. podlaskim\u201d. B\u0119dzie to bez w\u0105tpienia cenne wskaz\u00f3wka do ukierunkowania dzia\u0142a\u0144 rezalizowanych z m\u0142odzie\u017c\u0105 w najbli\u017cszych latach.<\/p>\n<p>Podlaski Instytutu Kultury b\u0119dzie operatorem programu Bardzo M\u0142oda Kultura w wojew\u00f3dztwie podlaskim przez kolejne dwa lata. Oznacza to nowe warsztaty, szkolenia. wizyty studyjne i dotacje na realizacj\u0119 najciekawszych pomys\u0142\u00f3w w regionie. Warunek jest jeden. Trzeba przekona\u0107 m\u0142odych ludzi, \u017ce potrafi\u0105 i mog\u0105 tworzy\u0107 ofert\u0119 kulturaln\u0105, a potem ich do tego zach\u0119ci\u0107.<\/p>\n<p>Szczeg\u00f3\u0142owych informacji o programie Bardzo M\u0142oda Kultura \u2013 woj. podlaskie udziela Dzia\u0142 Edukacji i Projekt\u00f3w Podlaskiego Instytutu Kultury w Bia\u0142ymstoku.<br \/>tel. 85 740 37 25,<br \/>edukacja@pikpodlaskie.pl<\/p>\n<p><img loading=\"lazy\" decoding=\"async\" class=\"alignnone wp-image-16038\" src=\"https:\/\/pikpodlaskie.pl\/wp-content\/uploads\/2023\/04\/bmk-2023-2025-belka-484x720.jpg\" alt=\"\" width=\"300\" height=\"446\" \/><\/p>\n","protected":false},"excerpt":{"rendered":"<p>PIK podsumowa\u0142 program Bardzo M\u0142oda Kultura, woj. podlaskie.<\/p>\n","protected":false},"author":1,"featured_media":103,"comment_status":"closed","ping_status":"open","sticky":false,"template":"","format":"standard","meta":{"footnotes":""},"categories":[1],"tags":[],"class_list":["post-105","post","type-post","status-publish","format-standard","has-post-thumbnail","hentry","category-bez-kategorii"],"_links":{"self":[{"href":"http:\/\/bmk.pikpodlaskie.pl\/edycje\/2023\/wp-json\/wp\/v2\/posts\/105","targetHints":{"allow":["GET"]}}],"collection":[{"href":"http:\/\/bmk.pikpodlaskie.pl\/edycje\/2023\/wp-json\/wp\/v2\/posts"}],"about":[{"href":"http:\/\/bmk.pikpodlaskie.pl\/edycje\/2023\/wp-json\/wp\/v2\/types\/post"}],"author":[{"embeddable":true,"href":"http:\/\/bmk.pikpodlaskie.pl\/edycje\/2023\/wp-json\/wp\/v2\/users\/1"}],"replies":[{"embeddable":true,"href":"http:\/\/bmk.pikpodlaskie.pl\/edycje\/2023\/wp-json\/wp\/v2\/comments?post=105"}],"version-history":[{"count":1,"href":"http:\/\/bmk.pikpodlaskie.pl\/edycje\/2023\/wp-json\/wp\/v2\/posts\/105\/revisions"}],"predecessor-version":[{"id":107,"href":"http:\/\/bmk.pikpodlaskie.pl\/edycje\/2023\/wp-json\/wp\/v2\/posts\/105\/revisions\/107"}],"wp:featuredmedia":[{"embeddable":true,"href":"http:\/\/bmk.pikpodlaskie.pl\/edycje\/2023\/wp-json\/wp\/v2\/media\/103"}],"wp:attachment":[{"href":"http:\/\/bmk.pikpodlaskie.pl\/edycje\/2023\/wp-json\/wp\/v2\/media?parent=105"}],"wp:term":[{"taxonomy":"category","embeddable":true,"href":"http:\/\/bmk.pikpodlaskie.pl\/edycje\/2023\/wp-json\/wp\/v2\/categories?post=105"},{"taxonomy":"post_tag","embeddable":true,"href":"http:\/\/bmk.pikpodlaskie.pl\/edycje\/2023\/wp-json\/wp\/v2\/tags?post=105"}],"curies":[{"name":"wp","href":"https:\/\/api.w.org\/{rel}","templated":true}]}}