{"id":79,"date":"2023-04-25T14:55:27","date_gmt":"2023-04-25T12:55:27","guid":{"rendered":"http:\/\/bmk.pikpodlaskie.pl\/edycje\/2023\/?p=79"},"modified":"2023-10-16T14:59:59","modified_gmt":"2023-10-16T12:59:59","slug":"bardzo-mloda-kultura-wystartowala","status":"publish","type":"post","link":"https:\/\/bmk.pikpodlaskie.pl\/edycje\/2023\/bardzo-mloda-kultura-wystartowala\/","title":{"rendered":"Bardzo M\u0142oda Kultura wystartowa\u0142a!"},"content":{"rendered":"<p>WYbud\u017acie kultur\u0119 \u2013 pod takim has\u0142em Podlaski Instytut Kultury zainaugurowa\u0142 program Bardzo M\u0142oda Kultura w wojew\u00f3dztwie podlaskim.<!--more--><\/p>\n<p>\u00a0<a href=\"https:\/\/photos.app.goo.gl\/JkAjUQbo2JSFqSsz7\" target=\"_blank\" rel=\"noopener\"><img loading=\"lazy\" decoding=\"async\" class=\"alignnone wp-image-16227 size-medium\" src=\"https:\/\/pikpodlaskie.pl\/wp-content\/uploads\/2023\/04\/bmk-zdjecia-720x483.png\" alt=\"\" width=\"720\" height=\"483\" \/><\/a><br \/>fot. M. Adamski, P. Do\u0142\u017cy\u0144ski \/ PIK w Bia\u0142ymstoku<\/p>\n<p>W konferencji rozpoczynaj\u0105cej tegoroczn\u0105 edycj\u0119 BMKi wzi\u0119\u0142o udzia\u0142 blisko sto os\u00f3b. To animatorzy i edukatorzy kultury z ca\u0142ego regionu. Bardzo M\u0142oda Kultura to dla nich realna pomoc w pracy z m\u0142odzie\u017c\u0105. Uczestnik\u00f3w konferencji powita\u0142a p.o. dyrektor PIK Agnieszka Kurzyna-Zarzecka. \u00a0<\/p>\n<p><em>W poprzednich edycjach uda\u0142o nam si\u0119 zrobi\u0107 wiele dobrego. Wsp\u00f3lnie z lokalnymi spo\u0142eczno\u015bciami zrealizowali\u015bmy mn\u00f3stwo szkole\u0144, warsztat\u00f3w, warto\u015bciowych projekt\u00f3w. Jestem przekonana, \u017ce tak b\u0119dzie r\u00f3wnie\u017c w tym roku. Tym razem BMKa stawia na podmiotowy udzia\u0142 m\u0142odzie\u017cy na ka\u017cdym etapie programu<\/em> \u2013 m\u00f3wi\u0142a dyrektor PIK.<\/p>\n<p>\u017byczenia owocnej pracy w ramach Bardzo M\u0142odej Kultury z\u0142o\u017cy\u0142a w imieniu marsza\u0142ka wojew\u00f3dztwa podlaskiego dr. Artura Kosickiego Agata Puchalska \u2013 dyrektor Departamentu Kultury i Dziedzictwa Narodowego UMWP, kt\u00f3ra odczyta\u0142a list marsza\u0142ka:<\/p>\n<p><em>\u017bycz\u0119 pe\u0142nej sukces\u00f3w realizacji obecnej edycji programu. Niech zgodnie z jej za\u0142o\u017ceniami wiedza i zdobyte przez dzieci i m\u0142odzie\u017c umiej\u0119tno\u015bci przyczyni\u0105 si\u0119 do \u015bwiadomego uczestnictwa w kulturze oraz aktywnego jej tworzenia na terenie ca\u0142ego wojew\u00f3dztwa podlaskiego.<\/em><\/p>\n<p>Tegoroczna edycja Bardzo M\u0142odej Kultury skupiona jest na aktywizacji m\u0142odzie\u017cy do czynnego uczestnictwa w kulturze. Na konferencji Agnieszka Kulesza, psycholog i psychoterapeuta m\u00f3wi\u0142a o wyzwaniach cywilizacyjnych i spo\u0142ecznych, kt\u00f3re w szczeg\u00f3lny spos\u00f3b dotykaj\u0105 obecnie ludzi m\u0142odych. To problemy emocjonalne i interpersonalne zwi\u0105zane z pandemi\u0105, poczuciem osamotnienia, niepewno\u015bci, zr\u00f3\u017cnicowania kulturowego i narodowo\u015bciowego. Wszystkie zak\u0142adane w programie dzia\u0142ania maj\u0105 u\u015bwiadomi\u0107, zw\u0142aszcza m\u0142odym ludziom, \u017ce aktywny i podmiotowy udzia\u0142 w kulturze mo\u017ce by\u0107 w mierzeniu si\u0119 z nimi pomocny i skuteczny. Podobnie jak neurografika, o kt\u00f3rej opowiedzia\u0142a podczas konferencji Liliya Patonia \u2013 arteterapeutka i psychoterapeutka Gestalt. Problem neuror\u00f3\u017cnorodno\u015bci poruszy\u0142a w swoim wyst\u0105pieniu Milka Wyszkowska, specjalista ds. teatru PIK.<\/p>\n<p>Bardzo M\u0142oda Kultura powr\u00f3ci\u0142a po roku przerwy. Podlaski Instytut Kultury znalaz\u0142 si\u0119 w gronie operator\u00f3w regionalnych programu Bardzo M\u0142oda Kultura, w edycji 2023-2025. W ci\u0105gu trzech lat PIK otrzyma z Narodowego Centrum Kultury 600 tysi\u0119cy z\u0142otych na dzia\u0142ania zwi\u0105zane z edukacj\u0105 kulturow\u0105 m\u0142odzie\u017cy. B\u0119d\u0105 szkolenia i warsztaty zar\u00f3wno dla animator\u00f3w, edukator\u00f3w, jak i dla m\u0142odzie\u017cy, wizyty studyjne oraz konkurs na inicjatywy lokalne.<\/p>\n<p><em>Podczas konferencji zaprezentowane zosta\u0142y prace plastyczne przygotowane przez cz\u0142onk\u00f3w m\u0142odzie\u017cowej grupy teatralnej dzia\u0142aj\u0105cej przy Podlaskim Instytucie Kultury w ramach wystawy \u201eW\u0141\u0104CZ. NEUROR\u00d3\u017bNORODNO\u015a\u0106\u201d.<\/em><\/p>\n<p><strong><img loading=\"lazy\" decoding=\"async\" class=\"alignnone  wp-image-16225\" src=\"https:\/\/pikpodlaskie.pl\/wp-content\/uploads\/2023\/04\/2023-nck-dofinans-bmk-23-25-podlaskie-rgb-720x196.jpg\" alt=\"\" width=\"489\" height=\"133\" \/>\u00a0<\/strong><\/p>\n<p><img loading=\"lazy\" decoding=\"async\" class=\"alignnone size-medium wp-image-16228\" src=\"https:\/\/pikpodlaskie.pl\/wp-content\/uploads\/2023\/04\/plakat-bmk-woj-podlaskie-503x720.jpg\" alt=\"\" width=\"503\" height=\"720\" \/><\/p>\n<p>&nbsp;<\/p>\n","protected":false},"excerpt":{"rendered":"<p>WYbud\u017acie kultur\u0119 \u2013 pod takim has\u0142em Podlaski Instytut Kultury zainaugurowa\u0142 program Bardzo M\u0142oda Kultura w wojew\u00f3dztwie podlaskim.<\/p>\n","protected":false},"author":1,"featured_media":0,"comment_status":"closed","ping_status":"open","sticky":false,"template":"","format":"standard","meta":{"footnotes":""},"categories":[1],"tags":[],"class_list":["post-79","post","type-post","status-publish","format-standard","hentry","category-bez-kategorii"],"_links":{"self":[{"href":"https:\/\/bmk.pikpodlaskie.pl\/edycje\/2023\/wp-json\/wp\/v2\/posts\/79","targetHints":{"allow":["GET"]}}],"collection":[{"href":"https:\/\/bmk.pikpodlaskie.pl\/edycje\/2023\/wp-json\/wp\/v2\/posts"}],"about":[{"href":"https:\/\/bmk.pikpodlaskie.pl\/edycje\/2023\/wp-json\/wp\/v2\/types\/post"}],"author":[{"embeddable":true,"href":"https:\/\/bmk.pikpodlaskie.pl\/edycje\/2023\/wp-json\/wp\/v2\/users\/1"}],"replies":[{"embeddable":true,"href":"https:\/\/bmk.pikpodlaskie.pl\/edycje\/2023\/wp-json\/wp\/v2\/comments?post=79"}],"version-history":[{"count":1,"href":"https:\/\/bmk.pikpodlaskie.pl\/edycje\/2023\/wp-json\/wp\/v2\/posts\/79\/revisions"}],"predecessor-version":[{"id":81,"href":"https:\/\/bmk.pikpodlaskie.pl\/edycje\/2023\/wp-json\/wp\/v2\/posts\/79\/revisions\/81"}],"wp:attachment":[{"href":"https:\/\/bmk.pikpodlaskie.pl\/edycje\/2023\/wp-json\/wp\/v2\/media?parent=79"}],"wp:term":[{"taxonomy":"category","embeddable":true,"href":"https:\/\/bmk.pikpodlaskie.pl\/edycje\/2023\/wp-json\/wp\/v2\/categories?post=79"},{"taxonomy":"post_tag","embeddable":true,"href":"https:\/\/bmk.pikpodlaskie.pl\/edycje\/2023\/wp-json\/wp\/v2\/tags?post=79"}],"curies":[{"name":"wp","href":"https:\/\/api.w.org\/{rel}","templated":true}]}}